{"id":9926,"date":"2019-05-02T13:24:12","date_gmt":"2019-05-02T13:24:12","guid":{"rendered":"https:\/\/larevistadigital.com.ar\/blog\/?p=9926"},"modified":"2019-05-02T13:24:12","modified_gmt":"2019-05-02T13:24:12","slug":"hablo-pilar-capasso-otra-victima-de-la-desaparicion-de-mascotas-en-chascomus","status":"publish","type":"post","link":"https:\/\/larevistadigital.com.ar\/blog\/hablo-pilar-capasso-otra-victima-de-la-desaparicion-de-mascotas-en-chascomus\/","title":{"rendered":"HABL\u00d3 PILAR CAPASSO: OTRA V\u00cdCTIMA DE LA DESAPARICI\u00d3N DE MASCOTAS EN CHASCOM\u00daS"},"content":{"rendered":"<p>En el programa radial <strong>\u201cLa primera Ma\u00f1ana\u201d<\/strong>, que emite la <strong>FM Volver<\/strong>, <strong>95.3 mhtz<\/strong>. Y conduce el periodista <strong>Julio Giribaldi<\/strong>, se entrevist\u00f3 a una de las personas que sufri\u00f3 la \u201cextra\u00f1a desaparici\u00f3n\u201d de su mascota, particularmente su gato.<\/p>\n<blockquote>\n<h3>Esto, que podr\u00eda ser un lamentable hecho aislado, llam\u00f3 nuestra atenci\u00f3n y publicamos el lunes una nota, narrando esta situaci\u00f3n ya que el n\u00famero de felinos desaparecidos, asciende a 55 desde febrero, a la fecha. Es decir, que ocurri\u00f3 aproximadamente en 60 d\u00edas.<\/h3>\n<\/blockquote>\n<p>Por eso, la producci\u00f3n de FM Volver, se comunic\u00f3 con <strong>Pilar Capasso<\/strong>, quien explic\u00f3 que se han organizado y juntado los due\u00f1os de gatos desaparecidos, e inclusive han armado algunos grupos de Whatsapp pero que las autoridades parecen no encontrar la forma de ayudarlos.<\/p>\n<p><strong>Pilar<\/strong>, mencion\u00f3 que, por distintas v\u00edas les llegan distintas versiones que realmente son terribles: <strong><em>\u201cAlgunos mencionan el uso de las mascotas para sacrificios en rituales de \u201cmagia negra\u201d, otros dicen que los gatos son utilizados por criadores de Pitbull para pelea, como entrenamiento para atacar y fomentar su agresividad, y luego se los dan a comer\u201d<\/em><\/strong>.<\/p>\n<blockquote>\n<h3>Por \u00faltimo, quiz\u00e1 la peor de todas las hip\u00f3tesis, ya que mencionan algunos que esto ser\u00eda obra de una persona que los utiliza para la fabricaci\u00f3n de \u201cchorizo seco\u201d que luego comercializa. Esto, agravar\u00eda a\u00fan m\u00e1s la situaci\u00f3n, porque si as\u00ed fuera, alguien estar\u00eda consumiendo esos chorizos, y poniendo en riesgo su salud.<\/h3>\n<\/blockquote>\n<p>Luego, dijo que solicitan que le brinden la posibilidad de ver las c\u00e1maras de seguridad, ya que no tienen forma de hacer algo por sus mascotas.<\/p>\n<blockquote>\n<h3>Se la escuch\u00f3 l\u00f3gicamente desesperada por esta situaci\u00f3n, llegando a decir <strong><em>\u201cme arruinaron la vida, porque ten\u00eda un apego emocional s\u00faper fuerte con \u00e9l\u201d<\/em><\/strong>, y dijo que ofrece una recompensa de $15.000.- por su mascota, que es de color negro y se llama \u201cObeso\u201d.<\/h3>\n<\/blockquote>\n<p>Repetimos que esto excede el l\u00f3gico dolor de todos los que han perdido su mascota, ya que la desaparici\u00f3n de 55 gatos en 60 d\u00edas es algo que no reviste ninguna l\u00f3gica, y deber\u00eda ser investigado.<\/p>\n<p>&nbsp;<\/p>\n","protected":false},"excerpt":{"rendered":"<div class=\"mh-excerpt\"><p>En el programa radial \u201cLa primera Ma\u00f1ana\u201d, que emite la FM Volver, 95.3 mhtz. Y conduce el periodista Julio Giribaldi, se entrevist\u00f3 a una de las personas que sufri\u00f3 la \u201cextra\u00f1a desaparici\u00f3n\u201d de su mascota, <a class=\"mh-excerpt-more\" href=\"https:\/\/larevistadigital.com.ar\/blog\/hablo-pilar-capasso-otra-victima-de-la-desaparicion-de-mascotas-en-chascomus\/\" title=\"HABL\u00d3 PILAR CAPASSO: OTRA V\u00cdCTIMA DE LA DESAPARICI\u00d3N DE MASCOTAS EN CHASCOM\u00daS\">[Leer M\u00e1s]<\/a><\/p>\n<\/div>","protected":false},"author":3,"featured_media":9927,"comment_status":"open","ping_status":"open","sticky":false,"template":"","format":"standard","meta":{"_jetpack_memberships_contains_paid_content":false,"footnotes":"","jetpack_publicize_message":"","jetpack_publicize_feature_enabled":true,"jetpack_social_post_already_shared":true,"jetpack_social_options":{"image_generator_settings":{"template":"highway","default_image_id":0,"font":"","enabled":false},"version":2}},"categories":[6],"tags":[],"class_list":{"0":"post-9926","1":"post","2":"type-post","3":"status-publish","4":"format-standard","5":"has-post-thumbnail","7":"category-chascomus"},"jetpack_publicize_connections":[],"jetpack_featured_media_url":"https:\/\/i0.wp.com\/larevistadigital.com.ar\/blog\/wp-content\/uploads\/2019\/05\/58766157_10219489073603577_5138259230939152384_o.jpg?fit=1440%2C1080&ssl=1","jetpack_sharing_enabled":true,"jetpack_shortlink":"https:\/\/wp.me\/p8qtrQ-2A6","jetpack-related-posts":[{"id":9429,"url":"https:\/\/larevistadigital.com.ar\/blog\/chascomus-aparecio-en-pilar-la-joven-buscada-por-su-familia-y-amigos\/","url_meta":{"origin":9926,"position":0},"title":"CHASCOM\u00daS: APARECI\u00d3 EN PILAR LA JOVEN BUSCADA POR SU FAMILIA Y AMIGOS","author":"Alejandro Sosa Ruda","date":"27 marzo, 2019","format":false,"excerpt":"Se trata de Luc\u00eda Urtea, quien se hab\u00eda ausentado de su hogar hace unos d\u00edas, y era intensamente buscada por familiares y amigos. Afortunadamente se encuentra en buenas condiciones de salud. Se encontraba en la localidad de Pilar. AQU\u00cd EL COMUNICADO DE LAS AUTORIDADES POLICIALES: \"En la.madrugada de la fecha\u2026","rel":"","context":"En \u00abDESTACADAS\u00bb","block_context":{"text":"DESTACADAS","link":"https:\/\/larevistadigital.com.ar\/blog\/category\/destacadas\/"},"img":{"alt_text":"","src":"https:\/\/i0.wp.com\/larevistadigital.com.ar\/blog\/wp-content\/uploads\/2019\/01\/bbx_755050019_comisaria_chasco_01.jpg?fit=800%2C579&ssl=1&resize=350%2C200","width":350,"height":200,"srcset":"https:\/\/i0.wp.com\/larevistadigital.com.ar\/blog\/wp-content\/uploads\/2019\/01\/bbx_755050019_comisaria_chasco_01.jpg?fit=800%2C579&ssl=1&resize=350%2C200 1x, https:\/\/i0.wp.com\/larevistadigital.com.ar\/blog\/wp-content\/uploads\/2019\/01\/bbx_755050019_comisaria_chasco_01.jpg?fit=800%2C579&ssl=1&resize=525%2C300 1.5x, https:\/\/i0.wp.com\/larevistadigital.com.ar\/blog\/wp-content\/uploads\/2019\/01\/bbx_755050019_comisaria_chasco_01.jpg?fit=800%2C579&ssl=1&resize=700%2C400 2x"},"classes":[]},{"id":774,"url":"https:\/\/larevistadigital.com.ar\/blog\/camara-lenta-una-obra-teatro-chascomus-va-festival-regional\/","url_meta":{"origin":9926,"position":1},"title":"\u201cC\u00e1mara Lenta\u201d: Una obra de teatro de Chascom\u00fas va a un festival regional","author":"editor","date":"8 marzo, 2017","format":false,"excerpt":"La obra teatral? \u201cC\u00e1mara lenta\u201d, puesta en escena por el grupo local 28 Escalones, fue seleccionada para participar del Festival Regional de Teatro Independiente. de acuerdo a lo que ayer pudo conocerse. La obra cuenta con la direcci\u00f3n de Mara Caviglia y las actuaciones de Tom\u00e1s Capasso, Ricardo Chambers y\u2026","rel":"","context":"En \u00abCHASCOM\u00daS\u00bb","block_context":{"text":"CHASCOM\u00daS","link":"https:\/\/larevistadigital.com.ar\/blog\/category\/chascomus\/"},"img":{"alt_text":"","src":"https:\/\/i0.wp.com\/larevistadigital.com.ar\/blog\/wp-content\/uploads\/2017\/03\/13403805_10209745932633451_8948932162125564015_o-700x471.jpg?fit=700%2C471&ssl=1&resize=350%2C200","width":350,"height":200,"srcset":"https:\/\/i0.wp.com\/larevistadigital.com.ar\/blog\/wp-content\/uploads\/2017\/03\/13403805_10209745932633451_8948932162125564015_o-700x471.jpg?fit=700%2C471&ssl=1&resize=350%2C200 1x, https:\/\/i0.wp.com\/larevistadigital.com.ar\/blog\/wp-content\/uploads\/2017\/03\/13403805_10209745932633451_8948932162125564015_o-700x471.jpg?fit=700%2C471&ssl=1&resize=525%2C300 1.5x, https:\/\/i0.wp.com\/larevistadigital.com.ar\/blog\/wp-content\/uploads\/2017\/03\/13403805_10209745932633451_8948932162125564015_o-700x471.jpg?fit=700%2C471&ssl=1&resize=700%2C400 2x"},"classes":[]},{"id":3257,"url":"https:\/\/larevistadigital.com.ar\/blog\/chascomus-se-busca-con-intensidad-a-dos-jovenes-desaparecidos-en-la-laguna\/","url_meta":{"origin":9926,"position":2},"title":"CHASCOM\u00daS: SE BUSCA CON INTENSIDAD A DOS J\u00d3VENES DESAPARECIDOS EN LA LAGUNA","author":"Alejandro Sosa Ruda","date":"7 septiembre, 2017","format":false,"excerpt":"Personal policial, Bomberos voluntarios, y amigos est\u00e1n buscando a dos j\u00f3venes hermanos que se encuentran desaparecidos desde ayer en horas del mediod\u00eda. Se trata de Emanuel Lucero de 18 a\u00f1os de edad y su hermano Hugo Sebastian Lucero de 25a\u00f1os. Seg\u00fan pudo saber LRD, ambos salieron el martes aproximadamente a\u2026","rel":"","context":"En \u00abPOLICIALES\u00bb","block_context":{"text":"POLICIALES","link":"https:\/\/larevistadigital.com.ar\/blog\/category\/policiales\/"},"img":{"alt_text":"","src":"https:\/\/i0.wp.com\/larevistadigital.com.ar\/blog\/wp-content\/uploads\/2017\/09\/cuerpo-chascomus.jpg?fit=1200%2C672&ssl=1&resize=350%2C200","width":350,"height":200,"srcset":"https:\/\/i0.wp.com\/larevistadigital.com.ar\/blog\/wp-content\/uploads\/2017\/09\/cuerpo-chascomus.jpg?fit=1200%2C672&ssl=1&resize=350%2C200 1x, https:\/\/i0.wp.com\/larevistadigital.com.ar\/blog\/wp-content\/uploads\/2017\/09\/cuerpo-chascomus.jpg?fit=1200%2C672&ssl=1&resize=525%2C300 1.5x, https:\/\/i0.wp.com\/larevistadigital.com.ar\/blog\/wp-content\/uploads\/2017\/09\/cuerpo-chascomus.jpg?fit=1200%2C672&ssl=1&resize=700%2C400 2x, https:\/\/i0.wp.com\/larevistadigital.com.ar\/blog\/wp-content\/uploads\/2017\/09\/cuerpo-chascomus.jpg?fit=1200%2C672&ssl=1&resize=1050%2C600 3x"},"classes":[]},{"id":9892,"url":"https:\/\/larevistadigital.com.ar\/blog\/chascomus-robo-y-desaparicion-de-mascotas-vecinos-piden-al-intendente-ver-las-camaras-de-seguridad\/","url_meta":{"origin":9926,"position":3},"title":"CHASCOM\u00daS: \u00bfROBO Y DESAPARICI\u00d3N DE MASCOTAS? VECINOS PIDEN AL INTENDENTE VER LAS C\u00c1MARAS DE SEGURIDAD","author":"Alejandro Sosa Ruda","date":"29 abril, 2019","format":false,"excerpt":"Esta es una yv Un grupo de vecinos, solicita por nota al intendente municipal, Javier Gast\u00f3n, que se orquesten los medios para poder observar, o hacer observar las c\u00e1maras del municipio ya que seg\u00fan aseguran, las mascotas de distintas familias (particularmente los gatos) en los \u00faltimos tiempos han ido desapareciendo\u2026","rel":"","context":"En \u00abDESTACADAS\u00bb","block_context":{"text":"DESTACADAS","link":"https:\/\/larevistadigital.com.ar\/blog\/category\/destacadas\/"},"img":{"alt_text":"","src":"https:\/\/i0.wp.com\/larevistadigital.com.ar\/blog\/wp-content\/uploads\/2019\/04\/Screenshot_2-17.jpg?fit=809%2C804&ssl=1&resize=350%2C200","width":350,"height":200,"srcset":"https:\/\/i0.wp.com\/larevistadigital.com.ar\/blog\/wp-content\/uploads\/2019\/04\/Screenshot_2-17.jpg?fit=809%2C804&ssl=1&resize=350%2C200 1x, https:\/\/i0.wp.com\/larevistadigital.com.ar\/blog\/wp-content\/uploads\/2019\/04\/Screenshot_2-17.jpg?fit=809%2C804&ssl=1&resize=525%2C300 1.5x, https:\/\/i0.wp.com\/larevistadigital.com.ar\/blog\/wp-content\/uploads\/2019\/04\/Screenshot_2-17.jpg?fit=809%2C804&ssl=1&resize=700%2C400 2x"},"classes":[]},{"id":10894,"url":"https:\/\/larevistadigital.com.ar\/blog\/interesante-propuesta-en-fm-volver-95-3\/","url_meta":{"origin":9926,"position":4},"title":"INTERESANTE PROPUESTA EN FM VOLVER 95.3","author":"Alejandro Sosa Ruda","date":"28 junio, 2019","format":false,"excerpt":"La vecina Paula \u201cPaulica\u201d Ram\u00edrez, inici\u00f3 semanas atr\u00e1s una columna radial en FM Volver 95.3 de nuestra ciudad, en la que se intenta generar cada semana concientizaci\u00f3n sobre la tem\u00e1tica ambiental y el cuidado del planeta. Para ello, los lunes por la ma\u00f1ana la columnista \u2013siempre con alg\u00fan invitado- aborda\u2026","rel":"","context":"En \u00abCHASCOM\u00daS\u00bb","block_context":{"text":"CHASCOM\u00daS","link":"https:\/\/larevistadigital.com.ar\/blog\/category\/chascomus\/"},"img":{"alt_text":"","src":"https:\/\/i0.wp.com\/larevistadigital.com.ar\/blog\/wp-content\/uploads\/radio_28dejuniode2019_elfuerte.jpg?fit=737%2C415&ssl=1&resize=350%2C200","width":350,"height":200,"srcset":"https:\/\/i0.wp.com\/larevistadigital.com.ar\/blog\/wp-content\/uploads\/radio_28dejuniode2019_elfuerte.jpg?fit=737%2C415&ssl=1&resize=350%2C200 1x, https:\/\/i0.wp.com\/larevistadigital.com.ar\/blog\/wp-content\/uploads\/radio_28dejuniode2019_elfuerte.jpg?fit=737%2C415&ssl=1&resize=525%2C300 1.5x, https:\/\/i0.wp.com\/larevistadigital.com.ar\/blog\/wp-content\/uploads\/radio_28dejuniode2019_elfuerte.jpg?fit=737%2C415&ssl=1&resize=700%2C400 2x"},"classes":[]},{"id":6803,"url":"https:\/\/larevistadigital.com.ar\/blog\/chascomus-otondo-dijo-que-no-hay-plata-para-arreglar-las-murallas-y-que-el-concesionario-de-escalinatas-reparara-unos-40-metros\/","url_meta":{"origin":9926,"position":5},"title":"CHASCOM\u00daS: OTONDO DIJO QUE NO HAY PLATA PARA ARREGLAR LAS MURALLAS Y QUE EL CONCESIONARIO DE ESCALINATAS REPARAR\u00c1 UNOS 40 METROS","author":"Alejandro Sosa Ruda","date":"11 octubre, 2018","format":false,"excerpt":"ASEGUR\u00d3 ADEM\u00c1S QUE EL DETERIORO DE LAS MURALLAS NO REPRESENTA NING\u00daN PELIGRO El secretario de turismo de Chascom\u00fas, Leandro Otondo, mantuvo una entrevista durante el programa de tv local \"Somos Noticias\", en donde brind\u00f3 su opini\u00f3n por el deplorable estado de las murallas, sobre todo en las cercan\u00edas de \"las\u2026","rel":"","context":"En \u00abCHASCOM\u00daS\u00bb","block_context":{"text":"CHASCOM\u00daS","link":"https:\/\/larevistadigital.com.ar\/blog\/category\/chascomus\/"},"img":{"alt_text":"","src":"https:\/\/i0.wp.com\/larevistadigital.com.ar\/blog\/wp-content\/uploads\/2018\/10\/escalinata_11deoctubrede2018_elfuerte.jpg?fit=737%2C415&ssl=1&resize=350%2C200","width":350,"height":200,"srcset":"https:\/\/i0.wp.com\/larevistadigital.com.ar\/blog\/wp-content\/uploads\/2018\/10\/escalinata_11deoctubrede2018_elfuerte.jpg?fit=737%2C415&ssl=1&resize=350%2C200 1x, https:\/\/i0.wp.com\/larevistadigital.com.ar\/blog\/wp-content\/uploads\/2018\/10\/escalinata_11deoctubrede2018_elfuerte.jpg?fit=737%2C415&ssl=1&resize=525%2C300 1.5x, https:\/\/i0.wp.com\/larevistadigital.com.ar\/blog\/wp-content\/uploads\/2018\/10\/escalinata_11deoctubrede2018_elfuerte.jpg?fit=737%2C415&ssl=1&resize=700%2C400 2x"},"classes":[]}],"_links":{"self":[{"href":"https:\/\/larevistadigital.com.ar\/blog\/wp-json\/wp\/v2\/posts\/9926","targetHints":{"allow":["GET"]}}],"collection":[{"href":"https:\/\/larevistadigital.com.ar\/blog\/wp-json\/wp\/v2\/posts"}],"about":[{"href":"https:\/\/larevistadigital.com.ar\/blog\/wp-json\/wp\/v2\/types\/post"}],"author":[{"embeddable":true,"href":"https:\/\/larevistadigital.com.ar\/blog\/wp-json\/wp\/v2\/users\/3"}],"replies":[{"embeddable":true,"href":"https:\/\/larevistadigital.com.ar\/blog\/wp-json\/wp\/v2\/comments?post=9926"}],"version-history":[{"count":1,"href":"https:\/\/larevistadigital.com.ar\/blog\/wp-json\/wp\/v2\/posts\/9926\/revisions"}],"predecessor-version":[{"id":9928,"href":"https:\/\/larevistadigital.com.ar\/blog\/wp-json\/wp\/v2\/posts\/9926\/revisions\/9928"}],"wp:featuredmedia":[{"embeddable":true,"href":"https:\/\/larevistadigital.com.ar\/blog\/wp-json\/wp\/v2\/media\/9927"}],"wp:attachment":[{"href":"https:\/\/larevistadigital.com.ar\/blog\/wp-json\/wp\/v2\/media?parent=9926"}],"wp:term":[{"taxonomy":"category","embeddable":true,"href":"https:\/\/larevistadigital.com.ar\/blog\/wp-json\/wp\/v2\/categories?post=9926"},{"taxonomy":"post_tag","embeddable":true,"href":"https:\/\/larevistadigital.com.ar\/blog\/wp-json\/wp\/v2\/tags?post=9926"}],"curies":[{"name":"wp","href":"https:\/\/api.w.org\/{rel}","templated":true}]}}