{"id":9929,"date":"2019-05-02T13:33:28","date_gmt":"2019-05-02T13:33:28","guid":{"rendered":"https:\/\/larevistadigital.com.ar\/blog\/?p=9929"},"modified":"2019-05-02T13:33:28","modified_gmt":"2019-05-02T13:33:28","slug":"chascomus-comienza-la-5ta-edicion-del-festival-de-cine-de-chascomus-2019","status":"publish","type":"post","link":"https:\/\/larevistadigital.com.ar\/blog\/chascomus-comienza-la-5ta-edicion-del-festival-de-cine-de-chascomus-2019\/","title":{"rendered":"CHASCOM\u00daS: COMIENZA LA 5TA EDICI\u00d3N DEL FESTIVAL DE CINE DE CHASCOM\u00daS 2019"},"content":{"rendered":"<p class=\"notaIntro\">Por quinta vez consecutiva, Chascom\u00fas, es la ciudad elegida para la realizaci\u00f3n de Festival de Cine de Chascom\u00fas, con producciones cinematogr\u00e1ficas nacionales que muestran la diversidad de miradas de las y los directores\/as locales que ponen en foco y expresan en la gran pantalla. Desde el jueves 2 hasta el domingo 5 de mayo, se desarrollar\u00e1 este evento con acceso libre y gratuito.<\/p>\n<p class=\"notaTexto\">La apertura del Festival de Cine de Chascom\u00fas, ser\u00e1 el jueves en el Teatro Brazzola con la proyecci\u00f3n de \u201cBreve historia del Planeta Verde\u201d y tendr\u00e1 lugar los d\u00edas 3, 4 y 5 respectivamente en el Centro Cultural Municipal Vieja Estaci\u00f3n y en diferentes barrios, donde se realizar\u00e1n talleres de cine, t\u00e9cnicas y recursos cinematogr\u00e1ficos, de cine para toda la familia, cine debate en y con perspectiva de g\u00e9nero con el objetivo de revalorizar la producci\u00f3n local, y nacional.<\/p>\n<p>El FCCh es una propuesta de revalorizaci\u00f3n del cine en v\u00ednculo con la comunidad, chicos, j\u00f3venes y adultos. El fomento de producciones cinematogr\u00e1ficas nacionales se da a partir de este tipo de festivales que promueven la presentaci\u00f3n, difusi\u00f3n y visibilizaci\u00f3n de dichas producciones de manera gratuita y donde se seleccionan relatos con una mirada creativa, no estereotipada, con perspectivas de g\u00e9neros e inclusi\u00f3n de lo diverso y lo disidente.<\/p>\n<p>En este sentido, el cine es una herramienta art\u00edstica con la cual se manifiestan, expresan y resignifican m\u00faltiples miradas y realidades. Es una forma de visibilizar, de dar y poner voz a realidades invisibles y desiguales pero tambi\u00e9n a sue\u00f1os y deseos de poder construir con ella un mundo mejor, generando conciencia o reflexi\u00f3n sobre ciertas tem\u00e1ticas.<\/p>\n<p>En esta oportunidad, se proyectar\u00e1n audiovisuales en competencia, con cortometrajes de diferentes tem\u00e1ticas, documental, videoclip y cuatro largometrajes, entre los que se encuentra \u201cForasteras y Elefantes\u201d, filmada en nuestra ciudad.<\/p>\n<p>Las obras que se presentar\u00e1n son las siguientes y ser\u00e1n evaluadas y premiadas por un jurado inter-art\u00edstico del \u00e1mbito del cine, la cultura y el arte.<br \/>\nCompetencia Largometrajes: Forasteras y Elefantes de Ezequiel Tronconi; Los Mentirosos de Alejandro Jovic; Rom\u00e1n de Majo Staffolani y Vergel de Kris Niklison.<\/p>\n<p>Competencia cortometrajes ficci\u00f3n: Isabela y Nosotros de Analia Fraser; Flora de Agust\u00edn Cano, Caparazones de Eduardo Elli; Los Sapos de Tomas Sposato y Rocio Blanco; La Voz de Jonathan Muia; La Rosa Envenenada de Julieta Butteri; Cercenado de Juan Pablo Basovih Marinaro y Iara Martina Pasqualini; Domingo de Jazm\u00edn Ferreiro; La Culpa de Jes\u00fas Alves; La de Messi de Mauro Iv\u00e1n Ojeda; La Noche al sol de Pablo Bochard; Dormir sola de Charise Yudewitz; Tr\u00e1mite de Mariella Santib\u00e1\u00f1ez Koref y Un deseo de Agustina Claramonte.<\/p>\n<p>Competencia cortometrajes documental: Chamelis de Agustin de Torres, Gonzalo Viera Carbajal y Nat\u00e0lia P\u00e9rez Torres; Las hig\u00edas de Nicol\u00e1s M. Pintos; Para probar que realmente existimos de In\u00e9s Villanueva; Siempre Ac\u00e1 de Bel\u00e9n Ricardes, Juan Cruz Gomez y Giuliana Gemetto; A.M.O.R Ante Mucho Odio Revoluci\u00f3n de C\u00e1rdenas Florencia-Zaldua Juan; Luca\/Brian de Micaela Ferraro Kranevitter- Ornella Giagnacovo y Myriam y Mauricio de Santiago Korovsky.<\/p>\n<p>Competencia cortometrajes animaci\u00f3n: 60 segundos de oscuridad de Pablo Conde; Charlie Buenos Aires de Tom\u00e1s Pernich; El dominio de las piedras de Estefan\u00eda Clotti; Nina de Isabel Mac\u00edas; En boca de todas de Red Argentina de Mujeres Animadoras; El Guardi\u00e1n del conocimiento de Iv\u00e1n Vivas y Una carta de Leticia de Irene Blei.<\/p>\n<p>Competencia videoclips: Rain de Emo Enriquez; Lo que quiero de Abril Su\u00e1rez; Al Amanecer \u2013 Brixton de Eduardo Elli; Avestruz de Agostina Ravazzola; Detenido de Maria Eugenia Ver\u00f3n y Supervielle de Leo Garc\u00eda Franchi.<\/p>\n<p>El FCCh es organizado por la productora El Camino Amarillo Producciones, con el apoyo de la Municipalidad de Chascom\u00fas, a trav\u00e9s de las direcciones de Turismo y Cultura, el Ministerio de Cultura Presidencia de la Naci\u00f3n y el Instituto Nacional de Cine y Artes Audiovisuales (INCAA).<\/p>\n","protected":false},"excerpt":{"rendered":"<div class=\"mh-excerpt\"><p>Por quinta vez consecutiva, Chascom\u00fas, es la ciudad elegida para la realizaci\u00f3n de Festival de Cine de Chascom\u00fas, con producciones cinematogr\u00e1ficas nacionales que muestran la diversidad de miradas de las y los directores\/as locales que <a class=\"mh-excerpt-more\" href=\"https:\/\/larevistadigital.com.ar\/blog\/chascomus-comienza-la-5ta-edicion-del-festival-de-cine-de-chascomus-2019\/\" title=\"CHASCOM\u00daS: COMIENZA LA 5TA EDICI\u00d3N DEL FESTIVAL DE CINE DE CHASCOM\u00daS 2019\">[Leer M\u00e1s]<\/a><\/p>\n<\/div>","protected":false},"author":3,"featured_media":9930,"comment_status":"open","ping_status":"open","sticky":false,"template":"","format":"standard","meta":{"_jetpack_memberships_contains_paid_content":false,"footnotes":"","jetpack_publicize_message":"","jetpack_publicize_feature_enabled":true,"jetpack_social_post_already_shared":true,"jetpack_social_options":{"image_generator_settings":{"template":"highway","default_image_id":0,"font":"","enabled":false},"version":2}},"categories":[15,12],"tags":[],"class_list":{"0":"post-9929","1":"post","2":"type-post","3":"status-publish","4":"format-standard","5":"has-post-thumbnail","7":"category-cultura","8":"category-politica"},"jetpack_publicize_connections":[],"jetpack_featured_media_url":"https:\/\/i0.wp.com\/larevistadigital.com.ar\/blog\/wp-content\/uploads\/2019\/05\/59449816_2409369612417243_8357751481771753472_n.jpg?fit=600%2C481&ssl=1","jetpack_sharing_enabled":true,"jetpack_shortlink":"https:\/\/wp.me\/p8qtrQ-2A9","jetpack-related-posts":[{"id":30245,"url":"https:\/\/larevistadigital.com.ar\/blog\/importante-galardon-para-el-festival-de-cine-de-chascomus\/","url_meta":{"origin":9929,"position":0},"title":"IMPORTANTE GALARD\u00d3N PARA EL FESTIVAL DE CINE DE CHASCOM\u00daS","author":"Alejandro Sosa Ruda","date":"25 febrero, 2023","format":false,"excerpt":"El Festival de Cine de Chascom\u00fas fue\u00a0 galardonado en el Plan de Fomento a la Producci\u00f3n Audiovisual Bonaerense. 25 de febrero de 2023 Dentro de la regi\u00f3n cinco y bajo la categor\u00eda \u201cDesarrollo de Proyecto de Festival de Cine Regional\u201d. Desde FCCh se\u00f1alaron que \u201ces un reconocimiento al trabajo que\u2026","rel":"","context":"En \u00abCULTURA\u00bb","block_context":{"text":"CULTURA","link":"https:\/\/larevistadigital.com.ar\/blog\/category\/cultura\/"},"img":{"alt_text":"","src":"https:\/\/i0.wp.com\/larevistadigital.com.ar\/blog\/wp-content\/uploads\/l.jpg?fit=1200%2C900&ssl=1&resize=350%2C200","width":350,"height":200,"srcset":"https:\/\/i0.wp.com\/larevistadigital.com.ar\/blog\/wp-content\/uploads\/l.jpg?fit=1200%2C900&ssl=1&resize=350%2C200 1x, https:\/\/i0.wp.com\/larevistadigital.com.ar\/blog\/wp-content\/uploads\/l.jpg?fit=1200%2C900&ssl=1&resize=525%2C300 1.5x, https:\/\/i0.wp.com\/larevistadigital.com.ar\/blog\/wp-content\/uploads\/l.jpg?fit=1200%2C900&ssl=1&resize=700%2C400 2x, https:\/\/i0.wp.com\/larevistadigital.com.ar\/blog\/wp-content\/uploads\/l.jpg?fit=1200%2C900&ssl=1&resize=1050%2C600 3x"},"classes":[]},{"id":37202,"url":"https:\/\/larevistadigital.com.ar\/blog\/con-gran-expectativa-se-aguarda-el-inicio-del-9no-festival-de-cine-de-chascomus\/","url_meta":{"origin":9929,"position":1},"title":"Con gran expectativa se aguarda el inicio del 9no. Festival de Cine de Chascom\u00fas","author":"Alejandro Sosa Ruda","date":"11 septiembre, 2024","format":false,"excerpt":"El evento incluye competencias en diversas categor\u00edas audiovisuales y donde se podr\u00e1 disfrutar de proyecciones y diversas actividades. 11 de Septiembre de 2024 El Festival de Cine de Chascom\u00fas, cuenta con el acompa\u00f1amiento de la Municipalidad de Chascom\u00fas, y es un espacio de revalorizaci\u00f3n del cine para acercarlo a la\u2026","rel":"","context":"En \u00abINTERES GENERAL\u00bb","block_context":{"text":"INTERES GENERAL","link":"https:\/\/larevistadigital.com.ar\/blog\/category\/interes-general\/"},"img":{"alt_text":"","src":"https:\/\/i0.wp.com\/larevistadigital.com.ar\/blog\/wp-content\/uploads\/66e1d0dda163f.png?fit=668%2C445&ssl=1&resize=350%2C200","width":350,"height":200,"srcset":"https:\/\/i0.wp.com\/larevistadigital.com.ar\/blog\/wp-content\/uploads\/66e1d0dda163f.png?fit=668%2C445&ssl=1&resize=350%2C200 1x, https:\/\/i0.wp.com\/larevistadigital.com.ar\/blog\/wp-content\/uploads\/66e1d0dda163f.png?fit=668%2C445&ssl=1&resize=525%2C300 1.5x"},"classes":[]},{"id":41520,"url":"https:\/\/larevistadigital.com.ar\/blog\/el-festival-de-cine-de-chascomus-celebra-su-decima-edicion\/","url_meta":{"origin":9929,"position":2},"title":"El Festival de Cine de Chascom\u00fas celebra su d\u00e9cima edici\u00f3n","author":"Alejandro Sosa Ruda","date":"19 septiembre, 2025","format":false,"excerpt":"Comenzar\u00e1 el jueves 9 de octubre con la proyecci\u00f3n del documental \u201cLa muerte sin tiempo de Emilio Blanco\u201d, una obra que reconstruye la historia del joven chascomunense asesinado en 1997. 19 de septiembre de 2025 CHASCOM\u00daS -\u00a0 \u00a0Del 9 al 12 de octubre se realizar\u00e1 el 10\u00b0 Festival de Cine\u2026","rel":"","context":"En \u00abCHASCOM\u00daS\u00bb","block_context":{"text":"CHASCOM\u00daS","link":"https:\/\/larevistadigital.com.ar\/blog\/category\/chascomus\/"},"img":{"alt_text":"","src":"https:\/\/i0.wp.com\/larevistadigital.com.ar\/blog\/wp-content\/uploads\/68cd9a1b3741e.png?fit=668%2C445&ssl=1&resize=350%2C200","width":350,"height":200,"srcset":"https:\/\/i0.wp.com\/larevistadigital.com.ar\/blog\/wp-content\/uploads\/68cd9a1b3741e.png?fit=668%2C445&ssl=1&resize=350%2C200 1x, https:\/\/i0.wp.com\/larevistadigital.com.ar\/blog\/wp-content\/uploads\/68cd9a1b3741e.png?fit=668%2C445&ssl=1&resize=525%2C300 1.5x"},"classes":[]},{"id":5434,"url":"https:\/\/larevistadigital.com.ar\/blog\/gilda-no-me-arrepiento-de-este-amor-sera-el-film-que-inaugurara-el-festival-nacional-de-cine-de-chascomus\/","url_meta":{"origin":9929,"position":3},"title":"\u201cGilda, no me arrepiento de este amor\u201d, ser\u00e1 el film que inaugurar\u00e1 el Festival Nacional de Cine de Chascom\u00fas","author":"admin","date":"11 abril, 2018","format":false,"excerpt":"Se acerca, ya llega la 4ta edici\u00f3n del Festival Nacional de Cine de Chascom\u00fas a realizarse los d\u00edas 3, 4, 5 y 6 de mayo en distintos puntos de nuestra ciudad y su inauguraci\u00f3n ser\u00e1 de la mano de la pel\u00edcula \u201cGILDA, no me arrepiento de este amor\u201d de Lorena\u2026","rel":"","context":"En \u00abCHASCOM\u00daS\u00bb","block_context":{"text":"CHASCOM\u00daS","link":"https:\/\/larevistadigital.com.ar\/blog\/category\/chascomus\/"},"img":{"alt_text":"","src":"https:\/\/i0.wp.com\/larevistadigital.com.ar\/blog\/wp-content\/uploads\/2018\/04\/cine_11deabrilde2108_elfuerte.jpg?fit=737%2C415&ssl=1&resize=350%2C200","width":350,"height":200,"srcset":"https:\/\/i0.wp.com\/larevistadigital.com.ar\/blog\/wp-content\/uploads\/2018\/04\/cine_11deabrilde2108_elfuerte.jpg?fit=737%2C415&ssl=1&resize=350%2C200 1x, https:\/\/i0.wp.com\/larevistadigital.com.ar\/blog\/wp-content\/uploads\/2018\/04\/cine_11deabrilde2108_elfuerte.jpg?fit=737%2C415&ssl=1&resize=525%2C300 1.5x, https:\/\/i0.wp.com\/larevistadigital.com.ar\/blog\/wp-content\/uploads\/2018\/04\/cine_11deabrilde2108_elfuerte.jpg?fit=737%2C415&ssl=1&resize=700%2C400 2x"},"classes":[]},{"id":21853,"url":"https:\/\/larevistadigital.com.ar\/blog\/6ta-edicion-del-festival-de-cine-chascomus\/","url_meta":{"origin":9929,"position":4},"title":"6TA EDICI\u00d3N DEL FESTIVAL DE CINE CHASCOM\u00daS","author":"Alejandro Sosa Ruda","date":"4 septiembre, 2021","format":false,"excerpt":"CHASCOM\u00daS - La ciudad de Chascom\u00fas se prepara para la 6ta edici\u00f3n del Festival de Cine de Chascom\u00fas que tendr\u00e1 fecha el 18 y 19 de Septiembre de 2021, luego de casi dos a\u00f1os de que terminara la 5ta edici\u00f3n en mayo de 2019, y suspendida la edici\u00f3n del 2020\u2026","rel":"","context":"En \u00abCHASCOM\u00daS\u00bb","block_context":{"text":"CHASCOM\u00daS","link":"https:\/\/larevistadigital.com.ar\/blog\/category\/chascomus\/"},"img":{"alt_text":"","src":"https:\/\/i0.wp.com\/larevistadigital.com.ar\/blog\/wp-content\/uploads\/6FCCh-scaled.jpg?fit=1200%2C573&ssl=1&resize=350%2C200","width":350,"height":200,"srcset":"https:\/\/i0.wp.com\/larevistadigital.com.ar\/blog\/wp-content\/uploads\/6FCCh-scaled.jpg?fit=1200%2C573&ssl=1&resize=350%2C200 1x, https:\/\/i0.wp.com\/larevistadigital.com.ar\/blog\/wp-content\/uploads\/6FCCh-scaled.jpg?fit=1200%2C573&ssl=1&resize=525%2C300 1.5x, https:\/\/i0.wp.com\/larevistadigital.com.ar\/blog\/wp-content\/uploads\/6FCCh-scaled.jpg?fit=1200%2C573&ssl=1&resize=700%2C400 2x, https:\/\/i0.wp.com\/larevistadigital.com.ar\/blog\/wp-content\/uploads\/6FCCh-scaled.jpg?fit=1200%2C573&ssl=1&resize=1050%2C600 3x"},"classes":[]},{"id":9965,"url":"https:\/\/larevistadigital.com.ar\/blog\/y-si-es-de-chascomus-parece-ilogico-que-lo-hicieran-en-otro-lado-jeje\/","url_meta":{"origin":9929,"position":5},"title":"Y&#8230; SI ES \u00abDE CHASCOM\u00daS\u00bb, PARECE IL\u00d3GICO QUE LO HICIERAN EN OTRO LADO&#8230; JEJE","author":"Alejandro Sosa Ruda","date":"2 mayo, 2019","format":false,"excerpt":"Encontr\u00e9 esta noticia que dice que \"Eligieron Chascom\u00fas como la ciudad para hacer el Festival de Cine de Chascom\u00fas\"... Ser\u00eda como decir que \"la Opera de Par\u00eds se har\u00e1 en Par\u00eds\", o Eligen a Berl\u00edn para hacer el Festival de cine de Berl\u00edn...\u00bfO no? jejejejeje. \u00a0 \u00a0 \u00a1Va con honda!...\u2026","rel":"","context":"En \u00abPOLITICA\u00bb","block_context":{"text":"POLITICA","link":"https:\/\/larevistadigital.com.ar\/blog\/category\/politica\/"},"img":{"alt_text":"","src":"https:\/\/i0.wp.com\/larevistadigital.com.ar\/blog\/wp-content\/uploads\/2019\/02\/VA-CON-HONDA.jpg?fit=1200%2C719&ssl=1&resize=350%2C200","width":350,"height":200,"srcset":"https:\/\/i0.wp.com\/larevistadigital.com.ar\/blog\/wp-content\/uploads\/2019\/02\/VA-CON-HONDA.jpg?fit=1200%2C719&ssl=1&resize=350%2C200 1x, https:\/\/i0.wp.com\/larevistadigital.com.ar\/blog\/wp-content\/uploads\/2019\/02\/VA-CON-HONDA.jpg?fit=1200%2C719&ssl=1&resize=525%2C300 1.5x, https:\/\/i0.wp.com\/larevistadigital.com.ar\/blog\/wp-content\/uploads\/2019\/02\/VA-CON-HONDA.jpg?fit=1200%2C719&ssl=1&resize=700%2C400 2x, https:\/\/i0.wp.com\/larevistadigital.com.ar\/blog\/wp-content\/uploads\/2019\/02\/VA-CON-HONDA.jpg?fit=1200%2C719&ssl=1&resize=1050%2C600 3x"},"classes":[]}],"_links":{"self":[{"href":"https:\/\/larevistadigital.com.ar\/blog\/wp-json\/wp\/v2\/posts\/9929","targetHints":{"allow":["GET"]}}],"collection":[{"href":"https:\/\/larevistadigital.com.ar\/blog\/wp-json\/wp\/v2\/posts"}],"about":[{"href":"https:\/\/larevistadigital.com.ar\/blog\/wp-json\/wp\/v2\/types\/post"}],"author":[{"embeddable":true,"href":"https:\/\/larevistadigital.com.ar\/blog\/wp-json\/wp\/v2\/users\/3"}],"replies":[{"embeddable":true,"href":"https:\/\/larevistadigital.com.ar\/blog\/wp-json\/wp\/v2\/comments?post=9929"}],"version-history":[{"count":1,"href":"https:\/\/larevistadigital.com.ar\/blog\/wp-json\/wp\/v2\/posts\/9929\/revisions"}],"predecessor-version":[{"id":9931,"href":"https:\/\/larevistadigital.com.ar\/blog\/wp-json\/wp\/v2\/posts\/9929\/revisions\/9931"}],"wp:featuredmedia":[{"embeddable":true,"href":"https:\/\/larevistadigital.com.ar\/blog\/wp-json\/wp\/v2\/media\/9930"}],"wp:attachment":[{"href":"https:\/\/larevistadigital.com.ar\/blog\/wp-json\/wp\/v2\/media?parent=9929"}],"wp:term":[{"taxonomy":"category","embeddable":true,"href":"https:\/\/larevistadigital.com.ar\/blog\/wp-json\/wp\/v2\/categories?post=9929"},{"taxonomy":"post_tag","embeddable":true,"href":"https:\/\/larevistadigital.com.ar\/blog\/wp-json\/wp\/v2\/tags?post=9929"}],"curies":[{"name":"wp","href":"https:\/\/api.w.org\/{rel}","templated":true}]}}